{"id":195,"date":"2025-07-30T10:20:13","date_gmt":"2025-07-30T13:20:13","guid":{"rendered":"http:\/\/institutodosonoma.com\/?p=195"},"modified":"2025-07-30T10:21:03","modified_gmt":"2025-07-30T13:21:03","slug":"a-importancia-do-sono-o-que-a-ciencia-revela-sobre-dormir-bem","status":"publish","type":"post","link":"https:\/\/institutodosonoma.com\/?p=195","title":{"rendered":"A Import\u00e2ncia do Sono: O que a Ci\u00eancia Revela sobre Dormir Bem"},"content":{"rendered":"\n<p>Dormir \u00e9 uma necessidade biol\u00f3gica t\u00e3o vital quanto comer, beber \u00e1gua ou respirar. No entanto, em um mundo cada vez mais acelerado, o sono muitas vezes \u00e9 negligenciado. Segundo a Organiza\u00e7\u00e3o Mundial da Sa\u00fade (OMS), cerca de 40% da popula\u00e7\u00e3o mundial sofre com algum dist\u00farbio do sono. Mas o que realmente acontece quando dormimos \u2014 e por que isso importa tanto para a nossa sa\u00fade f\u00edsica, mental e emocional?<\/p>\n\n\n\n<h2 class=\"wp-block-heading\"><strong>O sono como regulador do corpo e da mente<\/strong><\/h2>\n\n\n\n<p>Durante o sono, especialmente nas fases mais profundas como o sono REM (Rapid Eye Movement) e o sono de ondas lentas, o corpo realiza fun\u00e7\u00f5es essenciais:<\/p>\n\n\n\n<ul class=\"wp-block-list\">\n<li><strong>Consolida\u00e7\u00e3o da mem\u00f3ria<\/strong><br>Estudos mostram que o sono \u00e9 crucial para o processo de aprendizagem e forma\u00e7\u00e3o da mem\u00f3ria. Uma pesquisa publicada na <em>Science<\/em> demonstrou que a priva\u00e7\u00e3o de sono pode afetar negativamente a consolida\u00e7\u00e3o de mem\u00f3rias de longo prazo (Diekelmann &amp; Born, 2010).<\/li>\n\n\n\n<li><strong>Regula\u00e7\u00e3o hormonal<\/strong><br>\u00c9 durante o sono que nosso corpo equilibra a produ\u00e7\u00e3o de horm\u00f4nios como o cortisol (relacionado ao estresse), a leptina (saciedade) e a grelina (fome). A priva\u00e7\u00e3o de sono est\u00e1 diretamente associada a desequil\u00edbrios hormonais que favorecem o ganho de peso (Taheri et al., 2004).<\/li>\n\n\n\n<li><strong>Repara\u00e7\u00e3o celular e imunol\u00f3gica<\/strong><br>Dormir bem fortalece o sistema imunol\u00f3gico. Um estudo da <em>Sleep<\/em> evidenciou que indiv\u00edduos privados de sono por menos de 6 horas por noite t\u00eam maior risco de infec\u00e7\u00f5es virais, como o resfriado comum (Cohen et al., 2009).<\/li>\n<\/ul>\n\n\n\n<h2 class=\"wp-block-heading\"><strong>Impactos da priva\u00e7\u00e3o de sono<\/strong><\/h2>\n\n\n\n<p>Privar-se de uma boa noite de sono afeta diretamente:<\/p>\n\n\n\n<ul class=\"wp-block-list\">\n<li><strong>Fun\u00e7\u00f5es cognitivas:<\/strong> diminui\u00e7\u00e3o da aten\u00e7\u00e3o, dificuldade de concentra\u00e7\u00e3o e racioc\u00ednio l\u00f3gico.<\/li>\n\n\n\n<li><strong>Sa\u00fade mental:<\/strong> maior predisposi\u00e7\u00e3o \u00e0 ansiedade, depress\u00e3o e transtornos de humor (Walker, 2017).<\/li>\n\n\n\n<li><strong>Doen\u00e7as cr\u00f4nicas:<\/strong> aumento do risco de doen\u00e7as cardiovasculares, diabetes tipo 2 e hipertens\u00e3o (Cappuccio et al., 2011).<\/li>\n<\/ul>\n\n\n\n<h2 class=\"wp-block-heading\"><strong>Quanto sono precisamos?<\/strong><\/h2>\n\n\n\n<p>A quantidade ideal de sono varia conforme a idade, mas a National Sleep Foundation recomenda:<\/p>\n\n\n\n<ul class=\"wp-block-list\">\n<li>Adultos (18\u201364 anos): 7 a 9 horas por noite<\/li>\n\n\n\n<li>Idosos (65+): 7 a 8 horas<\/li>\n\n\n\n<li>Adolescentes (14\u201317 anos): 8 a 10 horas<\/li>\n<\/ul>\n\n\n\n<p>Dormir menos de 6 horas ou mais de 10 horas regularmente pode estar associado a maior risco de mortalidade, segundo meta-an\u00e1lise publicada na <em>Sleep<\/em> (Cappuccio et al., 2010).<\/p>\n\n\n\n<h2 class=\"wp-block-heading\"><strong>Dicas para melhorar a qualidade do sono<\/strong><\/h2>\n\n\n\n<ul class=\"wp-block-list\">\n<li>Mantenha um hor\u00e1rio regular para dormir e acordar, mesmo nos fins de semana.<\/li>\n\n\n\n<li>Evite o uso de telas (celular, TV, computador) pelo menos 1 hora antes de dormir.<\/li>\n\n\n\n<li>Pratique atividade f\u00edsica regularmente, mas evite exerc\u00edcios intensos \u00e0 noite.<\/li>\n\n\n\n<li>Crie um ambiente prop\u00edcio ao sono: escuro, silencioso e com temperatura agrad\u00e1vel.<\/li>\n<\/ul>\n\n\n\n<h2 class=\"wp-block-heading\"><strong>Conclus\u00e3o<\/strong><\/h2>\n\n\n\n<p>O sono \u00e9 muito mais do que descanso: \u00e9 um pilar fundamental da sa\u00fade. Investir em bons h\u00e1bitos de sono \u00e9 investir em qualidade de vida, bem-estar e longevidade. Ignorar sua import\u00e2ncia pode custar caro \u2014 tanto para o corpo quanto para a mente.<\/p>\n\n\n\n<h2 class=\"wp-block-heading\"><strong>Refer\u00eancias Cient\u00edficas<\/strong><\/h2>\n\n\n\n<ol class=\"wp-block-list\">\n<li>Diekelmann, S., &amp; Born, J. (2010). The memory function of sleep. <em>Nature Reviews Neuroscience<\/em>, 11(2), 114-126.<\/li>\n\n\n\n<li>Taheri, S., Lin, L., Austin, D., Young, T., &amp; Mignot, E. (2004). Short sleep duration is associated with reduced leptin, elevated ghrelin, and increased body mass index. <em>PLoS Medicine<\/em>, 1(3), e62.<\/li>\n\n\n\n<li>Cohen, S., Doyle, W. J., Alper, C. M., Janicki-Deverts, D., &amp; Turner, R. B. (2009). Sleep habits and susceptibility to the common cold. <em>Archives of Internal Medicine<\/em>, 169(1), 62-67.<\/li>\n\n\n\n<li>Walker, M. (2017). <em>Why We Sleep: Unlocking the Power of Sleep and Dreams<\/em>. Scribner.<\/li>\n\n\n\n<li>Cappuccio, F. P., Cooper, D., D&#8217;Elia, L., Strazzullo, P., &amp; Miller, M. A. (2011). Sleep duration predicts cardiovascular outcomes: a systematic review and meta-analysis of prospective studies. <em>European Heart Journal<\/em>, 32(12), 1484\u20131492.<\/li>\n\n\n\n<li>National Sleep Foundation. (2020). <em>Sleep Duration Recommendations<\/em>.<\/li>\n\n\n\n<li>Cappuccio, F. P., D&#8217;Elia, L., Strazzullo, P., &amp; Miller, M. A. (2010). Quantity and quality of sleep and incidence of type 2 diabetes: a systematic review and meta-analysis. <em>Diabetes Care<\/em>, 33(2), 414\u2013420.<\/li>\n<\/ol>\n","protected":false},"excerpt":{"rendered":"<p>Dormir \u00e9 uma necessidade biol\u00f3gica t\u00e3o vital quanto comer, beber \u00e1gua ou respirar. No entanto, em um mundo cada vez mais acelerado, o sono muitas vezes \u00e9 negligenciado. Segundo a Organiza\u00e7\u00e3o Mundial da Sa\u00fade (OMS), cerca de 40% da popula\u00e7\u00e3o mundial sofre com algum dist\u00farbio do sono. Mas o que realmente acontece quando dormimos \u2014 e por que isso importa tanto para a nossa sa\u00fade f\u00edsica, mental e emocional? O sono como regulador do corpo e da mente Durante o sono, especialmente nas fases mais profundas como o sono REM (Rapid Eye Movement) e o sono de ondas lentas, o corpo realiza fun\u00e7\u00f5es essenciais: Impactos da priva\u00e7\u00e3o de sono Privar-se de uma boa noite de sono afeta diretamente: Quanto sono precisamos? A quantidade ideal de sono varia conforme a idade, mas a National Sleep Foundation recomenda: Dormir menos de 6 horas ou mais de 10 horas regularmente pode estar associado a maior risco de mortalidade, segundo meta-an\u00e1lise publicada na Sleep (Cappuccio et al., 2010). Dicas para melhorar a qualidade do sono Conclus\u00e3o O sono \u00e9 muito mais do que descanso: \u00e9 um pilar fundamental da sa\u00fade. Investir em bons h\u00e1bitos de sono \u00e9 investir em qualidade de vida, bem-estar e longevidade. Ignorar sua import\u00e2ncia pode custar caro \u2014 tanto para o corpo quanto para a mente. Refer\u00eancias Cient\u00edficas<\/p>\n","protected":false},"author":1,"featured_media":196,"comment_status":"open","ping_status":"open","sticky":false,"template":"","format":"standard","meta":{"footnotes":""},"categories":[7],"tags":[],"class_list":["post-195","post","type-post","status-publish","format-standard","has-post-thumbnail","hentry","category-sono"],"_links":{"self":[{"href":"https:\/\/institutodosonoma.com\/index.php?rest_route=\/wp\/v2\/posts\/195","targetHints":{"allow":["GET"]}}],"collection":[{"href":"https:\/\/institutodosonoma.com\/index.php?rest_route=\/wp\/v2\/posts"}],"about":[{"href":"https:\/\/institutodosonoma.com\/index.php?rest_route=\/wp\/v2\/types\/post"}],"author":[{"embeddable":true,"href":"https:\/\/institutodosonoma.com\/index.php?rest_route=\/wp\/v2\/users\/1"}],"replies":[{"embeddable":true,"href":"https:\/\/institutodosonoma.com\/index.php?rest_route=%2Fwp%2Fv2%2Fcomments&post=195"}],"version-history":[{"count":1,"href":"https:\/\/institutodosonoma.com\/index.php?rest_route=\/wp\/v2\/posts\/195\/revisions"}],"predecessor-version":[{"id":197,"href":"https:\/\/institutodosonoma.com\/index.php?rest_route=\/wp\/v2\/posts\/195\/revisions\/197"}],"wp:featuredmedia":[{"embeddable":true,"href":"https:\/\/institutodosonoma.com\/index.php?rest_route=\/wp\/v2\/media\/196"}],"wp:attachment":[{"href":"https:\/\/institutodosonoma.com\/index.php?rest_route=%2Fwp%2Fv2%2Fmedia&parent=195"}],"wp:term":[{"taxonomy":"category","embeddable":true,"href":"https:\/\/institutodosonoma.com\/index.php?rest_route=%2Fwp%2Fv2%2Fcategories&post=195"},{"taxonomy":"post_tag","embeddable":true,"href":"https:\/\/institutodosonoma.com\/index.php?rest_route=%2Fwp%2Fv2%2Ftags&post=195"}],"curies":[{"name":"wp","href":"https:\/\/api.w.org\/{rel}","templated":true}]}}